{"id":141,"date":"2026-03-14T08:28:50","date_gmt":"2026-03-14T08:28:50","guid":{"rendered":"https:\/\/lil-gl.de\/?p=141"},"modified":"2026-03-15T10:56:03","modified_gmt":"2026-03-15T10:56:03","slug":"ein-spanender-abend-zum-thema-frau-leben-freiheit-feminismus-und-islam","status":"publish","type":"post","link":"https:\/\/lil-gl.de\/index.php\/2026\/03\/14\/ein-spanender-abend-zum-thema-frau-leben-freiheit-feminismus-und-islam\/","title":{"rendered":"Ein spanender Abend zum Thema \u201eFrau, Leben, Freiheit &#8211; Feminismus und Islam&#8220;"},"content":{"rendered":"\t\t<div data-elementor-type=\"wp-post\" data-elementor-id=\"141\" class=\"elementor elementor-141\">\n\t\t\t\t<div class=\"elementor-element elementor-element-10d79910 e-flex e-con-boxed e-con e-parent\" data-id=\"10d79910\" data-element_type=\"container\" data-e-type=\"container\">\n\t\t\t\t\t<div class=\"e-con-inner\">\n\t\t\t\t<div class=\"elementor-element elementor-element-7d8a6c57 elementor-widget elementor-widget-text-editor\" data-id=\"7d8a6c57\" data-element_type=\"widget\" data-e-type=\"widget\" data-widget_type=\"text-editor.default\">\n\t\t\t\t\t\t\t\t\t<p><img fetchpriority=\"high\" decoding=\"async\" class=\"alignnone wp-image-164 size-large\" src=\"https:\/\/lil-gl.de\/wp-content\/uploads\/2026\/03\/Design-ohne-Titel-11-819x1024.png\" alt=\"\" width=\"819\" height=\"1024\" srcset=\"https:\/\/lil-gl.de\/wp-content\/uploads\/2026\/03\/Design-ohne-Titel-11-819x1024.png 819w, https:\/\/lil-gl.de\/wp-content\/uploads\/2026\/03\/Design-ohne-Titel-11-240x300.png 240w, https:\/\/lil-gl.de\/wp-content\/uploads\/2026\/03\/Design-ohne-Titel-11-768x960.png 768w, https:\/\/lil-gl.de\/wp-content\/uploads\/2026\/03\/Design-ohne-Titel-11.png 1080w\" sizes=\"(max-width: 819px) 100vw, 819px\" \/><\/p><p>Am 12.03.2026 hatten wir die gro\u00dfe Ehre, Mina Ahadi und Olaf G\u00f6tze im B\u00fcro Die Linke RBK in Bergisch Gladbach begr\u00fc\u00dfen zu d\u00fcrfen.<\/p><p>Gemeinsam mit dem Team Die Linke Internationalen Liste (LiL) Bergisch Gladbach haben wir \u00fcber ein Thema gesprochen, das uns alle bewegt und eint: Feminismus und Islam. Ein hochkomplexes Feld, das zwischen Religionskritik, den Rechten der Frau und dem Kampf f\u00fcr eine s\u00e4kulare Gesellschaft navigiert.<\/p><p>Mina Ahadi aus dem Iran hat uns mit ihrer unersch\u00fctterlichen Haltung und ihrem pers\u00f6nlichen Aktivismus tief beeindruckt. Olaf G\u00f6tze brachte die politischen Perspektiven und die Notwendigkeit von Solidarit\u00e4t auf den Punkt. Es war ein Abend voller klarer Worte, tiefgr\u00fcndiger Diskussionen und dem gemeinsamen Ziel: F\u00fcr eine Gesellschaft, in der Frauen \u00fcber ihr Leben selbst bestimmen k\u00f6nnen! \ud83d\udcaa\u270a<\/p><p>Danke an alle, die dabei waren und diese wichtige Debatte mit Leben gef\u00fcllt haben. Lasst uns weiter im Austausch bleiben! \ud83d\udd01<\/p><p>#FrauLebenFreiheit #Feminismus #BergischGladbach #DieLinke #MinaAhadi<\/p>\t\t\t\t\t\t\t\t<\/div>\n\t\t\t\t\t<\/div>\n\t\t\t\t<\/div>\n\t\t\t\t<\/div>\n\t\t","protected":false},"excerpt":{"rendered":"<p>Am 12.03.2026 hatten wir die gro\u00dfe Ehre, Mina Ahadi und Olaf G\u00f6tze im B\u00fcro Die Linke RBK in Bergisch Gladbach begr\u00fc\u00dfen zu d\u00fcrfen. Gemeinsam mit dem Team Die Linke Internationalen Liste (LiL) Bergisch Gladbach haben wir \u00fcber ein Thema gesprochen, das uns alle bewegt und eint: Feminismus und Islam. Ein hochkomplexes Feld, das zwischen Religionskritik, [&hellip;]<\/p>\n","protected":false},"author":1,"featured_media":0,"comment_status":"open","ping_status":"open","sticky":false,"template":"","format":"standard","meta":{"footnotes":""},"categories":[24,7,25,4],"tags":[],"class_list":["post-141","post","type-post","status-publish","format-standard","hentry","category-bergisch-gladbach","category-die-linke","category-feminismus","category-rassismus"],"yoast_head":"<!-- This site is optimized with the Yoast SEO plugin v27.3 - https:\/\/yoast.com\/product\/yoast-seo-wordpress\/ -->\n<title>Ein spanender Abend zum Thema \u201eFrau, Leben, Freiheit - Feminismus und Islam&quot; - Die Linke internationale Liste - LiL - Bergisch Gladbach<\/title>\n<meta name=\"robots\" content=\"index, follow, max-snippet:-1, max-image-preview:large, max-video-preview:-1\" \/>\n<link rel=\"canonical\" href=\"https:\/\/lil-gl.de\/index.php\/2026\/03\/14\/ein-spanender-abend-zum-thema-frau-leben-freiheit-feminismus-und-islam\/\" \/>\n<meta property=\"og:locale\" content=\"de_DE\" \/>\n<meta property=\"og:type\" content=\"article\" \/>\n<meta property=\"og:title\" content=\"Ein spanender Abend zum Thema \u201eFrau, Leben, Freiheit - Feminismus und Islam&quot; - Die Linke internationale Liste - LiL - Bergisch Gladbach\" \/>\n<meta property=\"og:description\" content=\"Am 12.03.2026 hatten wir die gro\u00dfe Ehre, Mina Ahadi und Olaf G\u00f6tze im B\u00fcro Die Linke RBK in Bergisch Gladbach begr\u00fc\u00dfen zu d\u00fcrfen. Gemeinsam mit dem Team Die Linke Internationalen Liste (LiL) Bergisch Gladbach haben wir \u00fcber ein Thema gesprochen, das uns alle bewegt und eint: Feminismus und Islam. Ein hochkomplexes Feld, das zwischen Religionskritik, [&hellip;]\" \/>\n<meta property=\"og:url\" content=\"https:\/\/lil-gl.de\/index.php\/2026\/03\/14\/ein-spanender-abend-zum-thema-frau-leben-freiheit-feminismus-und-islam\/\" \/>\n<meta property=\"og:site_name\" content=\"Die Linke internationale Liste - LiL - Bergisch Gladbach\" \/>\n<meta property=\"article:published_time\" content=\"2026-03-14T08:28:50+00:00\" \/>\n<meta property=\"article:modified_time\" content=\"2026-03-15T10:56:03+00:00\" \/>\n<meta property=\"og:image\" content=\"https:\/\/lil-gl.de\/wp-content\/uploads\/2026\/03\/Design-ohne-Titel-11-819x1024.png\" \/>\n<meta name=\"author\" content=\"admin\" \/>\n<meta name=\"twitter:card\" content=\"summary_large_image\" \/>\n<meta name=\"twitter:label1\" content=\"Verfasst von\" \/>\n\t<meta name=\"twitter:data1\" content=\"admin\" \/>\n\t<meta name=\"twitter:label2\" content=\"Gesch\u00e4tzte Lesezeit\" \/>\n\t<meta name=\"twitter:data2\" content=\"2\u00a0Minuten\" \/>\n<script type=\"application\/ld+json\" class=\"yoast-schema-graph\">{\"@context\":\"https:\\\/\\\/schema.org\",\"@graph\":[{\"@type\":\"Article\",\"@id\":\"https:\\\/\\\/lil-gl.de\\\/index.php\\\/2026\\\/03\\\/14\\\/ein-spanender-abend-zum-thema-frau-leben-freiheit-feminismus-und-islam\\\/#article\",\"isPartOf\":{\"@id\":\"https:\\\/\\\/lil-gl.de\\\/index.php\\\/2026\\\/03\\\/14\\\/ein-spanender-abend-zum-thema-frau-leben-freiheit-feminismus-und-islam\\\/\"},\"author\":{\"name\":\"admin\",\"@id\":\"https:\\\/\\\/lil-gl.de\\\/#\\\/schema\\\/person\\\/8911ce5595c7fb91d9dda3ee739208de\"},\"headline\":\"Ein spanender Abend zum Thema \u201eFrau, Leben, Freiheit &#8211; Feminismus und Islam&#8220;\",\"datePublished\":\"2026-03-14T08:28:50+00:00\",\"dateModified\":\"2026-03-15T10:56:03+00:00\",\"mainEntityOfPage\":{\"@id\":\"https:\\\/\\\/lil-gl.de\\\/index.php\\\/2026\\\/03\\\/14\\\/ein-spanender-abend-zum-thema-frau-leben-freiheit-feminismus-und-islam\\\/\"},\"wordCount\":174,\"commentCount\":0,\"publisher\":{\"@id\":\"https:\\\/\\\/lil-gl.de\\\/#organization\"},\"image\":{\"@id\":\"https:\\\/\\\/lil-gl.de\\\/index.php\\\/2026\\\/03\\\/14\\\/ein-spanender-abend-zum-thema-frau-leben-freiheit-feminismus-und-islam\\\/#primaryimage\"},\"thumbnailUrl\":\"https:\\\/\\\/lil-gl.de\\\/wp-content\\\/uploads\\\/2026\\\/03\\\/Design-ohne-Titel-11-819x1024.png\",\"articleSection\":[\"Bergisch Gladbach\",\"Die Linke\",\"Feminismus\",\"Rassismus\"],\"inLanguage\":\"de\",\"potentialAction\":[{\"@type\":\"CommentAction\",\"name\":\"Comment\",\"target\":[\"https:\\\/\\\/lil-gl.de\\\/index.php\\\/2026\\\/03\\\/14\\\/ein-spanender-abend-zum-thema-frau-leben-freiheit-feminismus-und-islam\\\/#respond\"]}]},{\"@type\":\"WebPage\",\"@id\":\"https:\\\/\\\/lil-gl.de\\\/index.php\\\/2026\\\/03\\\/14\\\/ein-spanender-abend-zum-thema-frau-leben-freiheit-feminismus-und-islam\\\/\",\"url\":\"https:\\\/\\\/lil-gl.de\\\/index.php\\\/2026\\\/03\\\/14\\\/ein-spanender-abend-zum-thema-frau-leben-freiheit-feminismus-und-islam\\\/\",\"name\":\"Ein spanender Abend zum Thema \u201eFrau, Leben, Freiheit - Feminismus und Islam\\\" - Die Linke internationale Liste - LiL - Bergisch Gladbach\",\"isPartOf\":{\"@id\":\"https:\\\/\\\/lil-gl.de\\\/#website\"},\"primaryImageOfPage\":{\"@id\":\"https:\\\/\\\/lil-gl.de\\\/index.php\\\/2026\\\/03\\\/14\\\/ein-spanender-abend-zum-thema-frau-leben-freiheit-feminismus-und-islam\\\/#primaryimage\"},\"image\":{\"@id\":\"https:\\\/\\\/lil-gl.de\\\/index.php\\\/2026\\\/03\\\/14\\\/ein-spanender-abend-zum-thema-frau-leben-freiheit-feminismus-und-islam\\\/#primaryimage\"},\"thumbnailUrl\":\"https:\\\/\\\/lil-gl.de\\\/wp-content\\\/uploads\\\/2026\\\/03\\\/Design-ohne-Titel-11-819x1024.png\",\"datePublished\":\"2026-03-14T08:28:50+00:00\",\"dateModified\":\"2026-03-15T10:56:03+00:00\",\"breadcrumb\":{\"@id\":\"https:\\\/\\\/lil-gl.de\\\/index.php\\\/2026\\\/03\\\/14\\\/ein-spanender-abend-zum-thema-frau-leben-freiheit-feminismus-und-islam\\\/#breadcrumb\"},\"inLanguage\":\"de\",\"potentialAction\":[{\"@type\":\"ReadAction\",\"target\":[\"https:\\\/\\\/lil-gl.de\\\/index.php\\\/2026\\\/03\\\/14\\\/ein-spanender-abend-zum-thema-frau-leben-freiheit-feminismus-und-islam\\\/\"]}]},{\"@type\":\"ImageObject\",\"inLanguage\":\"de\",\"@id\":\"https:\\\/\\\/lil-gl.de\\\/index.php\\\/2026\\\/03\\\/14\\\/ein-spanender-abend-zum-thema-frau-leben-freiheit-feminismus-und-islam\\\/#primaryimage\",\"url\":\"https:\\\/\\\/lil-gl.de\\\/wp-content\\\/uploads\\\/2026\\\/03\\\/Design-ohne-Titel-11.png\",\"contentUrl\":\"https:\\\/\\\/lil-gl.de\\\/wp-content\\\/uploads\\\/2026\\\/03\\\/Design-ohne-Titel-11.png\",\"width\":1080,\"height\":1350},{\"@type\":\"BreadcrumbList\",\"@id\":\"https:\\\/\\\/lil-gl.de\\\/index.php\\\/2026\\\/03\\\/14\\\/ein-spanender-abend-zum-thema-frau-leben-freiheit-feminismus-und-islam\\\/#breadcrumb\",\"itemListElement\":[{\"@type\":\"ListItem\",\"position\":1,\"name\":\"Startseite\",\"item\":\"https:\\\/\\\/lil-gl.de\\\/\"},{\"@type\":\"ListItem\",\"position\":2,\"name\":\"Ein spanender Abend zum Thema \u201eFrau, Leben, Freiheit &#8211; Feminismus und Islam&#8220;\"}]},{\"@type\":\"WebSite\",\"@id\":\"https:\\\/\\\/lil-gl.de\\\/#website\",\"url\":\"https:\\\/\\\/lil-gl.de\\\/\",\"name\":\"Die Linke internationale Liste - LiL - Bergisch Gladbach\",\"description\":\"im Integrationsrat der Stadt Bergisch Gladbach\",\"publisher\":{\"@id\":\"https:\\\/\\\/lil-gl.de\\\/#organization\"},\"potentialAction\":[{\"@type\":\"SearchAction\",\"target\":{\"@type\":\"EntryPoint\",\"urlTemplate\":\"https:\\\/\\\/lil-gl.de\\\/?s={search_term_string}\"},\"query-input\":{\"@type\":\"PropertyValueSpecification\",\"valueRequired\":true,\"valueName\":\"search_term_string\"}}],\"inLanguage\":\"de\"},{\"@type\":\"Organization\",\"@id\":\"https:\\\/\\\/lil-gl.de\\\/#organization\",\"name\":\"Die Linke internationale Liste - LiL - Bergisch Gladbach\",\"url\":\"https:\\\/\\\/lil-gl.de\\\/\",\"logo\":{\"@type\":\"ImageObject\",\"inLanguage\":\"de\",\"@id\":\"https:\\\/\\\/lil-gl.de\\\/#\\\/schema\\\/logo\\\/image\\\/\",\"url\":\"https:\\\/\\\/lil-gl.de\\\/wp-content\\\/uploads\\\/2025\\\/10\\\/Die-Linke-internationale-liste-lil-bergisch-gladba_Logo-Standard-RGB.png\",\"contentUrl\":\"https:\\\/\\\/lil-gl.de\\\/wp-content\\\/uploads\\\/2025\\\/10\\\/Die-Linke-internationale-liste-lil-bergisch-gladba_Logo-Standard-RGB.png\",\"width\":2000,\"height\":1258,\"caption\":\"Die Linke internationale Liste - LiL - Bergisch Gladbach\"},\"image\":{\"@id\":\"https:\\\/\\\/lil-gl.de\\\/#\\\/schema\\\/logo\\\/image\\\/\"}},{\"@type\":\"Person\",\"@id\":\"https:\\\/\\\/lil-gl.de\\\/#\\\/schema\\\/person\\\/8911ce5595c7fb91d9dda3ee739208de\",\"name\":\"admin\",\"image\":{\"@type\":\"ImageObject\",\"inLanguage\":\"de\",\"@id\":\"https:\\\/\\\/secure.gravatar.com\\\/avatar\\\/836364e1361a0fdf57d3cc79e24a5cae4c421bc003f7c1709b01c9984333e4ed?s=96&d=mm&r=g\",\"url\":\"https:\\\/\\\/secure.gravatar.com\\\/avatar\\\/836364e1361a0fdf57d3cc79e24a5cae4c421bc003f7c1709b01c9984333e4ed?s=96&d=mm&r=g\",\"contentUrl\":\"https:\\\/\\\/secure.gravatar.com\\\/avatar\\\/836364e1361a0fdf57d3cc79e24a5cae4c421bc003f7c1709b01c9984333e4ed?s=96&d=mm&r=g\",\"caption\":\"admin\"},\"sameAs\":[\"https:\\\/\\\/lil-gl.de\"],\"url\":\"https:\\\/\\\/lil-gl.de\\\/index.php\\\/author\\\/support_rqsew46b\\\/\"}]}<\/script>\n<!-- \/ Yoast SEO plugin. -->","yoast_head_json":{"title":"Ein spanender Abend zum Thema \u201eFrau, Leben, Freiheit - Feminismus und Islam\" - Die Linke internationale Liste - LiL - Bergisch Gladbach","robots":{"index":"index","follow":"follow","max-snippet":"max-snippet:-1","max-image-preview":"max-image-preview:large","max-video-preview":"max-video-preview:-1"},"canonical":"https:\/\/lil-gl.de\/index.php\/2026\/03\/14\/ein-spanender-abend-zum-thema-frau-leben-freiheit-feminismus-und-islam\/","og_locale":"de_DE","og_type":"article","og_title":"Ein spanender Abend zum Thema \u201eFrau, Leben, Freiheit - Feminismus und Islam\" - Die Linke internationale Liste - LiL - Bergisch Gladbach","og_description":"Am 12.03.2026 hatten wir die gro\u00dfe Ehre, Mina Ahadi und Olaf G\u00f6tze im B\u00fcro Die Linke RBK in Bergisch Gladbach begr\u00fc\u00dfen zu d\u00fcrfen. Gemeinsam mit dem Team Die Linke Internationalen Liste (LiL) Bergisch Gladbach haben wir \u00fcber ein Thema gesprochen, das uns alle bewegt und eint: Feminismus und Islam. Ein hochkomplexes Feld, das zwischen Religionskritik, [&hellip;]","og_url":"https:\/\/lil-gl.de\/index.php\/2026\/03\/14\/ein-spanender-abend-zum-thema-frau-leben-freiheit-feminismus-und-islam\/","og_site_name":"Die Linke internationale Liste - LiL - Bergisch Gladbach","article_published_time":"2026-03-14T08:28:50+00:00","article_modified_time":"2026-03-15T10:56:03+00:00","og_image":[{"url":"https:\/\/lil-gl.de\/wp-content\/uploads\/2026\/03\/Design-ohne-Titel-11-819x1024.png","type":"","width":"","height":""}],"author":"admin","twitter_card":"summary_large_image","twitter_misc":{"Verfasst von":"admin","Gesch\u00e4tzte Lesezeit":"2\u00a0Minuten"},"schema":{"@context":"https:\/\/schema.org","@graph":[{"@type":"Article","@id":"https:\/\/lil-gl.de\/index.php\/2026\/03\/14\/ein-spanender-abend-zum-thema-frau-leben-freiheit-feminismus-und-islam\/#article","isPartOf":{"@id":"https:\/\/lil-gl.de\/index.php\/2026\/03\/14\/ein-spanender-abend-zum-thema-frau-leben-freiheit-feminismus-und-islam\/"},"author":{"name":"admin","@id":"https:\/\/lil-gl.de\/#\/schema\/person\/8911ce5595c7fb91d9dda3ee739208de"},"headline":"Ein spanender Abend zum Thema \u201eFrau, Leben, Freiheit &#8211; Feminismus und Islam&#8220;","datePublished":"2026-03-14T08:28:50+00:00","dateModified":"2026-03-15T10:56:03+00:00","mainEntityOfPage":{"@id":"https:\/\/lil-gl.de\/index.php\/2026\/03\/14\/ein-spanender-abend-zum-thema-frau-leben-freiheit-feminismus-und-islam\/"},"wordCount":174,"commentCount":0,"publisher":{"@id":"https:\/\/lil-gl.de\/#organization"},"image":{"@id":"https:\/\/lil-gl.de\/index.php\/2026\/03\/14\/ein-spanender-abend-zum-thema-frau-leben-freiheit-feminismus-und-islam\/#primaryimage"},"thumbnailUrl":"https:\/\/lil-gl.de\/wp-content\/uploads\/2026\/03\/Design-ohne-Titel-11-819x1024.png","articleSection":["Bergisch Gladbach","Die Linke","Feminismus","Rassismus"],"inLanguage":"de","potentialAction":[{"@type":"CommentAction","name":"Comment","target":["https:\/\/lil-gl.de\/index.php\/2026\/03\/14\/ein-spanender-abend-zum-thema-frau-leben-freiheit-feminismus-und-islam\/#respond"]}]},{"@type":"WebPage","@id":"https:\/\/lil-gl.de\/index.php\/2026\/03\/14\/ein-spanender-abend-zum-thema-frau-leben-freiheit-feminismus-und-islam\/","url":"https:\/\/lil-gl.de\/index.php\/2026\/03\/14\/ein-spanender-abend-zum-thema-frau-leben-freiheit-feminismus-und-islam\/","name":"Ein spanender Abend zum Thema \u201eFrau, Leben, Freiheit - Feminismus und Islam\" - Die Linke internationale Liste - LiL - Bergisch Gladbach","isPartOf":{"@id":"https:\/\/lil-gl.de\/#website"},"primaryImageOfPage":{"@id":"https:\/\/lil-gl.de\/index.php\/2026\/03\/14\/ein-spanender-abend-zum-thema-frau-leben-freiheit-feminismus-und-islam\/#primaryimage"},"image":{"@id":"https:\/\/lil-gl.de\/index.php\/2026\/03\/14\/ein-spanender-abend-zum-thema-frau-leben-freiheit-feminismus-und-islam\/#primaryimage"},"thumbnailUrl":"https:\/\/lil-gl.de\/wp-content\/uploads\/2026\/03\/Design-ohne-Titel-11-819x1024.png","datePublished":"2026-03-14T08:28:50+00:00","dateModified":"2026-03-15T10:56:03+00:00","breadcrumb":{"@id":"https:\/\/lil-gl.de\/index.php\/2026\/03\/14\/ein-spanender-abend-zum-thema-frau-leben-freiheit-feminismus-und-islam\/#breadcrumb"},"inLanguage":"de","potentialAction":[{"@type":"ReadAction","target":["https:\/\/lil-gl.de\/index.php\/2026\/03\/14\/ein-spanender-abend-zum-thema-frau-leben-freiheit-feminismus-und-islam\/"]}]},{"@type":"ImageObject","inLanguage":"de","@id":"https:\/\/lil-gl.de\/index.php\/2026\/03\/14\/ein-spanender-abend-zum-thema-frau-leben-freiheit-feminismus-und-islam\/#primaryimage","url":"https:\/\/lil-gl.de\/wp-content\/uploads\/2026\/03\/Design-ohne-Titel-11.png","contentUrl":"https:\/\/lil-gl.de\/wp-content\/uploads\/2026\/03\/Design-ohne-Titel-11.png","width":1080,"height":1350},{"@type":"BreadcrumbList","@id":"https:\/\/lil-gl.de\/index.php\/2026\/03\/14\/ein-spanender-abend-zum-thema-frau-leben-freiheit-feminismus-und-islam\/#breadcrumb","itemListElement":[{"@type":"ListItem","position":1,"name":"Startseite","item":"https:\/\/lil-gl.de\/"},{"@type":"ListItem","position":2,"name":"Ein spanender Abend zum Thema \u201eFrau, Leben, Freiheit &#8211; Feminismus und Islam&#8220;"}]},{"@type":"WebSite","@id":"https:\/\/lil-gl.de\/#website","url":"https:\/\/lil-gl.de\/","name":"Die Linke internationale Liste - LiL - Bergisch Gladbach","description":"im Integrationsrat der Stadt Bergisch Gladbach","publisher":{"@id":"https:\/\/lil-gl.de\/#organization"},"potentialAction":[{"@type":"SearchAction","target":{"@type":"EntryPoint","urlTemplate":"https:\/\/lil-gl.de\/?s={search_term_string}"},"query-input":{"@type":"PropertyValueSpecification","valueRequired":true,"valueName":"search_term_string"}}],"inLanguage":"de"},{"@type":"Organization","@id":"https:\/\/lil-gl.de\/#organization","name":"Die Linke internationale Liste - LiL - Bergisch Gladbach","url":"https:\/\/lil-gl.de\/","logo":{"@type":"ImageObject","inLanguage":"de","@id":"https:\/\/lil-gl.de\/#\/schema\/logo\/image\/","url":"https:\/\/lil-gl.de\/wp-content\/uploads\/2025\/10\/Die-Linke-internationale-liste-lil-bergisch-gladba_Logo-Standard-RGB.png","contentUrl":"https:\/\/lil-gl.de\/wp-content\/uploads\/2025\/10\/Die-Linke-internationale-liste-lil-bergisch-gladba_Logo-Standard-RGB.png","width":2000,"height":1258,"caption":"Die Linke internationale Liste - LiL - Bergisch Gladbach"},"image":{"@id":"https:\/\/lil-gl.de\/#\/schema\/logo\/image\/"}},{"@type":"Person","@id":"https:\/\/lil-gl.de\/#\/schema\/person\/8911ce5595c7fb91d9dda3ee739208de","name":"admin","image":{"@type":"ImageObject","inLanguage":"de","@id":"https:\/\/secure.gravatar.com\/avatar\/836364e1361a0fdf57d3cc79e24a5cae4c421bc003f7c1709b01c9984333e4ed?s=96&d=mm&r=g","url":"https:\/\/secure.gravatar.com\/avatar\/836364e1361a0fdf57d3cc79e24a5cae4c421bc003f7c1709b01c9984333e4ed?s=96&d=mm&r=g","contentUrl":"https:\/\/secure.gravatar.com\/avatar\/836364e1361a0fdf57d3cc79e24a5cae4c421bc003f7c1709b01c9984333e4ed?s=96&d=mm&r=g","caption":"admin"},"sameAs":["https:\/\/lil-gl.de"],"url":"https:\/\/lil-gl.de\/index.php\/author\/support_rqsew46b\/"}]}},"jetpack_featured_media_url":"","_links":{"self":[{"href":"https:\/\/lil-gl.de\/index.php\/wp-json\/wp\/v2\/posts\/141","targetHints":{"allow":["GET"]}}],"collection":[{"href":"https:\/\/lil-gl.de\/index.php\/wp-json\/wp\/v2\/posts"}],"about":[{"href":"https:\/\/lil-gl.de\/index.php\/wp-json\/wp\/v2\/types\/post"}],"author":[{"embeddable":true,"href":"https:\/\/lil-gl.de\/index.php\/wp-json\/wp\/v2\/users\/1"}],"replies":[{"embeddable":true,"href":"https:\/\/lil-gl.de\/index.php\/wp-json\/wp\/v2\/comments?post=141"}],"version-history":[{"count":14,"href":"https:\/\/lil-gl.de\/index.php\/wp-json\/wp\/v2\/posts\/141\/revisions"}],"predecessor-version":[{"id":167,"href":"https:\/\/lil-gl.de\/index.php\/wp-json\/wp\/v2\/posts\/141\/revisions\/167"}],"wp:attachment":[{"href":"https:\/\/lil-gl.de\/index.php\/wp-json\/wp\/v2\/media?parent=141"}],"wp:term":[{"taxonomy":"category","embeddable":true,"href":"https:\/\/lil-gl.de\/index.php\/wp-json\/wp\/v2\/categories?post=141"},{"taxonomy":"post_tag","embeddable":true,"href":"https:\/\/lil-gl.de\/index.php\/wp-json\/wp\/v2\/tags?post=141"}],"curies":[{"name":"wp","href":"https:\/\/api.w.org\/{rel}","templated":true}]}}